{"id":10414,"date":"2026-03-09T17:29:06","date_gmt":"2026-03-09T20:29:06","guid":{"rendered":"https:\/\/iicsanpaolo.esteri.it\/?p=10414"},"modified":"2026-04-16T14:54:08","modified_gmt":"2026-04-16T17:54:08","slug":"bando-mostra-fotografica","status":"publish","type":"post","link":"https:\/\/iicsanpaolo.esteri.it\/it\/news\/dall_istituto\/2026\/03\/bando-mostra-fotografica\/","title":{"rendered":"Bando &#8211; Mostra Fotografica"},"content":{"rendered":"<p>Attenzione, fotografe e fotografi italiani: \u00e8 aperto il bando per il Festival di Fotografia di San Paolo.<\/p>\n<p>Con l&#8217;obiettivo di offrire visibilit\u00e0 e opportunit\u00e0 nel campo della fotografia contemporanea, il Festival di Fotografia di San Paolo &#8211; Edizione 2026 (FFSP 2026), in collaborazione con l&#8217;Istituto Italiano di Cultura di San Paolo, invita le cittadine e i cittadini italiani residenti in Brasile o in Italia, che operano nel campo della fotografia contemporanea, a partecipare a questo concorso per una Mostra Fotografica Gratuita, che si terr\u00e0 a maggio 2026, nell&#8217;ambito della programmazione ufficiale del Festival. Tra i 15 finalisti, ci sar\u00e0 un partecipante premiato con un biglietto aereo tra Brasile e Italia.<\/p>\n<p>Fino a 30 artisti parteciperanno alla proiezione audiovisiva al FFSP 2026 e al FFP 2026.<\/p>\n<p>Le iscrizioni sono aperte fino al 19 aprile e ciascun partecipante pu\u00f2 inviare da 1 a 5 fotografie a tema libero. La selezione sar\u00e0 curata da una commissione formata da Margherita Marziali (Vice-Direttrice e Addetta dell&#8217;Istituto Italiano di Cultura di San Paolo), Lillo Teodoro Guarneri (Direttore e Addetto Culturale dell&#8217;Istituto Italiano di Cultura di San Paolo) e Jo\u00e3o Kulcs\u00e1r (Direttore del Festival di Fotografia di San Paolo e di Paranapiacaba, professore e coordinatore di Fotografia del Senac-SP).<\/p>\n<p><a href=\"https:\/\/iicsanpaolo.esteri.it\/wp-content\/uploads\/2026\/03\/Regolamento-Italiani.pdf\">Il regolamento \u00e8 disponibile qui<\/a><\/p>\n<p><a href=\"https:\/\/docs.google.com\/forms\/d\/e\/1FAIpQLSeqR7TAdg4e7H2mO_svHAIjpxZWeHVOgL2ZcCMMCTXSetb_hA\/viewform\">Per iscriverti al concorso clicca qui<\/a><\/p>\n<p>&nbsp;<\/p>\n","protected":false},"excerpt":{"rendered":"Attenzione, fotografe e fotografi italiani: \u00e8 aperto il bando per il Festival di Fotografia di San Paolo. Con l&#8217;obiettivo di offrire visibilit\u00e0 e opportunit\u00e0 nel campo della fotografia contemporanea, il Festival di Fotografia di San Paolo &#8211; Edizione 2026 (FFSP 2026), in collaborazione con l&#8217;Istituto Italiano di Cultura di San Paolo, invita le cittadine e [&hellip;]","protected":false},"author":7,"featured_media":10432,"comment_status":"closed","ping_status":"closed","sticky":false,"template":"","format":"standard","meta":{"footnotes":""},"tags":[],"class_list":["post-10414","post","type-post","status-publish","format-standard","has-post-thumbnail","hentry"],"_links":{"self":[{"href":"https:\/\/iicsanpaolo.esteri.it\/it\/wp-json\/wp\/v2\/posts\/10414","targetHints":{"allow":["GET"]}}],"collection":[{"href":"https:\/\/iicsanpaolo.esteri.it\/it\/wp-json\/wp\/v2\/posts"}],"about":[{"href":"https:\/\/iicsanpaolo.esteri.it\/it\/wp-json\/wp\/v2\/types\/post"}],"author":[{"embeddable":true,"href":"https:\/\/iicsanpaolo.esteri.it\/it\/wp-json\/wp\/v2\/users\/7"}],"replies":[{"embeddable":true,"href":"https:\/\/iicsanpaolo.esteri.it\/it\/wp-json\/wp\/v2\/comments?post=10414"}],"version-history":[{"count":6,"href":"https:\/\/iicsanpaolo.esteri.it\/it\/wp-json\/wp\/v2\/posts\/10414\/revisions"}],"predecessor-version":[{"id":10439,"href":"https:\/\/iicsanpaolo.esteri.it\/it\/wp-json\/wp\/v2\/posts\/10414\/revisions\/10439"}],"wp:featuredmedia":[{"embeddable":true,"href":"https:\/\/iicsanpaolo.esteri.it\/it\/wp-json\/wp\/v2\/media\/10432"}],"wp:attachment":[{"href":"https:\/\/iicsanpaolo.esteri.it\/it\/wp-json\/wp\/v2\/media?parent=10414"}],"wp:term":[{"taxonomy":"post_tag","embeddable":true,"href":"https:\/\/iicsanpaolo.esteri.it\/it\/wp-json\/wp\/v2\/tags?post=10414"}],"curies":[{"name":"wp","href":"https:\/\/api.w.org\/{rel}","templated":true}]}}