{"id":10418,"date":"2026-03-09T17:29:06","date_gmt":"2026-03-09T20:29:06","guid":{"rendered":"https:\/\/iicsanpaolo.esteri.it\/?p=10418"},"modified":"2026-04-16T14:53:35","modified_gmt":"2026-04-16T17:53:35","slug":"convocatoria-exposicao-de-fotografia","status":"publish","type":"post","link":"https:\/\/iicsanpaolo.esteri.it\/pt\/news\/dall_istituto\/2026\/03\/convocatoria-exposicao-de-fotografia\/","title":{"rendered":"Convocat\u00f3ria Exposi\u00e7\u00e3o de Fotografia"},"content":{"rendered":"<p>Aten\u00e7\u00e3o, fot\u00f3grafas e fot\u00f3grafos italianos: convocat\u00f3ria aberta para o Festival de Fotografia de S\u00e3o Paulo.<\/p>\n<p>Com o objetivo de proporcionar visibilidade e oportunidades no campo da fotografia contempor\u00e2nea, o Festival de Fotografia de S\u00e3o Paulo \u2013 Edi\u00e7\u00e3o 2026 (FFSP 2026), em parceria com o Instituto Italiano de Cultura de S\u00e3o Paulo, convida pessoas italianas residentes no Brasil ou na It\u00e1lia, que atuam no campo da fotografia contempor\u00e2nea, a participarem desta convocat\u00f3ria para uma Exposi\u00e7\u00e3o Fotogr\u00e1fica Gratuita, que acontecer\u00e1 em maio de 2026, integrando a programa\u00e7\u00e3o oficial do festival. Entre os 15 finalistas, haver\u00e1 um participante premiado com uma passagem a\u00e9rea entre o Brasil e a It\u00e1lia.<\/p>\n<p>At\u00e9 30 artistas participar\u00e3o da proje\u00e7\u00e3o audiovisual no FFSP 2026 e no FFP 2026.<\/p>\n<p>As inscri\u00e7\u00f5es v\u00e3o at\u00e9 19 de abril e cada participante pode enviar de 1 a 5 fotografias com tema livre. A sele\u00e7\u00e3o ser\u00e1 feita por uma comiss\u00e3o formada por Margherita Marziali (Vice-Diretora e Adida do Istituto Italiano di Cultura de S\u00e3o Paulo), Lillo Teodoro Guarneri (Diretor e Adido Cultural do Istituto Italiano di Cultura de S\u00e3o Paulo) e Jo\u00e3o Kulcs\u00e1r (Diretor do Festival de Fotografia de S\u00e3o Paulo e de Paranapiacaba, professor e coordenador de Fotografia do Senac-SP).<\/p>\n<p><a href=\"https:\/\/iicsanpaolo.esteri.it\/wp-content\/uploads\/2026\/03\/Regulamento-Italianos.pdf\">O regulamento est\u00e1 dispon\u00edvel aqui<\/a>.<\/p>\n<p><a href=\"https:\/\/docs.google.com\/forms\/d\/e\/1FAIpQLSeqR7TAdg4e7H2mO_svHAIjpxZWeHVOgL2ZcCMMCTXSetb_hA\/viewform\">CONVOCAT\u00d3RIA EXPOSI\u00c7\u00c3O &#8211; (FFSP26) &#8211; S\u00d3 PARA ITALIANOS\/AS<\/a><\/p>\n<p>&nbsp;<\/p>\n","protected":false},"excerpt":{"rendered":"Aten\u00e7\u00e3o, fot\u00f3grafas e fot\u00f3grafos italianos: convocat\u00f3ria aberta para o Festival de Fotografia de S\u00e3o Paulo. Com o objetivo de proporcionar visibilidade e oportunidades no campo da fotografia contempor\u00e2nea, o Festival de Fotografia de S\u00e3o Paulo \u2013 Edi\u00e7\u00e3o 2026 (FFSP 2026), em parceria com o Instituto Italiano de Cultura de S\u00e3o Paulo, convida pessoas italianas residentes [&hellip;]","protected":false},"author":7,"featured_media":10434,"comment_status":"closed","ping_status":"closed","sticky":false,"template":"","format":"standard","meta":{"footnotes":""},"tags":[],"class_list":["post-10418","post","type-post","status-publish","format-standard","has-post-thumbnail","hentry"],"_links":{"self":[{"href":"https:\/\/iicsanpaolo.esteri.it\/pt\/wp-json\/wp\/v2\/posts\/10418","targetHints":{"allow":["GET"]}}],"collection":[{"href":"https:\/\/iicsanpaolo.esteri.it\/pt\/wp-json\/wp\/v2\/posts"}],"about":[{"href":"https:\/\/iicsanpaolo.esteri.it\/pt\/wp-json\/wp\/v2\/types\/post"}],"author":[{"embeddable":true,"href":"https:\/\/iicsanpaolo.esteri.it\/pt\/wp-json\/wp\/v2\/users\/7"}],"replies":[{"embeddable":true,"href":"https:\/\/iicsanpaolo.esteri.it\/pt\/wp-json\/wp\/v2\/comments?post=10418"}],"version-history":[{"count":3,"href":"https:\/\/iicsanpaolo.esteri.it\/pt\/wp-json\/wp\/v2\/posts\/10418\/revisions"}],"predecessor-version":[{"id":10440,"href":"https:\/\/iicsanpaolo.esteri.it\/pt\/wp-json\/wp\/v2\/posts\/10418\/revisions\/10440"}],"wp:featuredmedia":[{"embeddable":true,"href":"https:\/\/iicsanpaolo.esteri.it\/pt\/wp-json\/wp\/v2\/media\/10434"}],"wp:attachment":[{"href":"https:\/\/iicsanpaolo.esteri.it\/pt\/wp-json\/wp\/v2\/media?parent=10418"}],"wp:term":[{"taxonomy":"post_tag","embeddable":true,"href":"https:\/\/iicsanpaolo.esteri.it\/pt\/wp-json\/wp\/v2\/tags?post=10418"}],"curies":[{"name":"wp","href":"https:\/\/api.w.org\/{rel}","templated":true}]}}