{"id":2213,"date":"2023-07-31T10:42:21","date_gmt":"2023-07-31T13:42:21","guid":{"rendered":"https:\/\/iicsanpaolo.esteri.it\/?p=2213"},"modified":"2023-07-31T12:03:00","modified_gmt":"2023-07-31T15:03:00","slug":"apresentacao-da-eurasia-dance-project-international-network-no-instituto-italiano-de-cultura-de-sao-paulo","status":"publish","type":"post","link":"https:\/\/iicsanpaolo.esteri.it\/pt\/news\/dall_istituto\/2023\/07\/apresentacao-da-eurasia-dance-project-international-network-no-instituto-italiano-de-cultura-de-sao-paulo\/","title":{"rendered":"Apresenta\u00e7\u00e3o da EurAsia Dance Project International Network no  Instituto Italiano de Cultura de S\u00e3o Paulo"},"content":{"rendered":"<p style=\"text-align: center;\"><strong>EURASIA chega pela primeira vez ao Brasil<\/strong><br \/>\n<em>Apresenta\u00e7\u00e3o da EurAsia Dance Project International Network no<br \/>\nInstituto Italiano de Cultura de S\u00e3o Paulo<\/em><\/p>\n<p>Parceria entre a EurAsia Dance Project International Network, uma das maiores redes de dan\u00e7a do mundo, e Instituto Oswaldo Ribeiro de Mendon\u00e7a \u2013 IORM, vai promover audi\u00e7\u00e3o no m\u00eas de agosto que selecionar\u00e1 bailarinos para bolsas de estudos para forma\u00e7\u00e3o profissional em dan\u00e7a na Europa.<\/p>\n<p>Poder\u00e3o concorrer \u00e0s bolsas bailarinos do Brasil e Am\u00e9rica Latina com idade de 18 a 28 anos para o programa de treinamento profissional com dura\u00e7\u00e3o de at\u00e9 quatro anos e concess\u00e3o de certificado reconhecido internacionalmente. As bolsas variam entre 25% e 100% do valor do curso.<\/p>\n<p>A EurAsia liga os cinco continentes e re\u00fane 25 parceiros na Europa, \u00c1sia, Oriente M\u00e9dio, \u00c1frica, Estados do Pac\u00edfico e Am\u00e9rica Central. A parceria com o IORM conta com o apoio do Instituto Italiano de Cultura de S\u00e3o Paulo e da Cisne Negro Cia. de Dan\u00e7a e inaugura a presen\u00e7a da rede na Am\u00e9rica do Sul.<\/p>\n<p>O destino dos alunos bolsistas ser\u00e1 a resid\u00eancia art\u00edstica na Europa, refer\u00eancia em dan\u00e7a contempor\u00e2nea no mundo. Assim que terminam sua forma\u00e7\u00e3o profissional, os alunos t\u00eam a chance de trabalhar com as principais companhias de dan\u00e7a do mundo.<\/p>\n<p>\u201cAs audi\u00e7\u00f5es realizadas pela EurAsia em todo o mundo, buscam criar oportunidades de interc\u00e2mbio internacional para alunos de dan\u00e7a, para que possam realizar o sonho de se tornarem bailarinos profissionais. \u00c9 tamb\u00e9m uma forma de divulgar a sua cultura, partilhar as suas experi\u00eancias, com acesso a resid\u00eancias art\u00edsticas, encontros e participa\u00e7\u00e3o em espet\u00e1culos de alto n\u00edvel na cena mundial da dan\u00e7a\u201d, destaca o diretor Art\u00edstico da EurAsia, o core\u00f3grafo italiano Stefano Fardelli que estar\u00e1 no Brasil a partir de agosto para participar das audi\u00e7\u00f5es.<\/p>\n<p>Fardelli \u00e9 bailarino, core\u00f3grafo, professor diplomado pela M.A.S. Academia de Mil\u00e3o. Entre suas colabora\u00e7\u00f5es internacionais, destacam-se participa\u00e7\u00f5es na \u00d3pera de Berlim, BBC, The Place, Royal Filand Opera, Les Gens d&#8217;Uterpan, English National Opera, Cie Twain, entre outras.<\/p>\n<p>Sem fins lucrativos, a EurAsia \u00e9 apoiada pela Delega\u00e7\u00e3o da Uni\u00e3o Europeia, Embaixada Italiana, Consulado Italiano, Consulado Alem\u00e3o e Instituto Cultural Italiano nos pa\u00edses onde est\u00e1 sediada, e tamb\u00e9m por governos e institui\u00e7\u00f5es p\u00fablicas e privadas.<\/p>\n<p><strong>Programa\u00e7\u00e3o<br \/>\n<\/strong>EurAsia inaugura seu percurso no Brasil atrav\u00e9s de uma confer\u00eancia em S\u00e3o Paulo, na sede do Instituto Italiano de Cultura (Av. Higien\u00f3polis, 436), no dia 07 de agosto \u00e0s 11:00.<br \/>\nO encontro visa apresentar as iniciativas da rede internacional aos jornalistas, diretores art\u00edsticos e outras personalidades do mundo da dan\u00e7a, organiza\u00e7\u00f5es do setor e representantes do governo local. EurAsia ilustrar\u00e1 sua trajet\u00f3ria e descrever\u00e1 as atividades que, a partir deste ano, ser\u00e3o implementadas no territ\u00f3rio brasileiro: audi\u00e7\u00f5es, workshop e espet\u00e1culo de dan\u00e7a.<br \/>\nParticipar\u00e3o do encontro, introduzido pela Diretora do Instituto Italiano de Cultura, Margherita Marziali, o diretor art\u00edstico de EurAsia, Stefano Fardelli, Luana Marini Bellisari (EurAsia Team), Tejaswini Loundo e Lourdes Maldonado (dan\u00e7arinas da EurAsia Dance Company), Valeria Pazeto (diretora criativa de IORM) e Raphael Braghiroli (diretor executivo de IORM).<\/p>\n<p>Nos dias seguintes, iniciar\u00e3o as aulas de dan\u00e7a gratuitas, com a participa\u00e7\u00e3o de bailarinos da EurAsia para alunos de idades diversas. As audi\u00e7\u00f5es para sele\u00e7\u00e3o dos bolsistas e aulas com Stefano Fardelli ser\u00e3o realizadas em Orl\u00e2ndia, regi\u00e3o Nordeste do Estado de S\u00e3o Paulo no m\u00eas de agosto, e precedidas de workshops de dan\u00e7a, para preparar alunos de todo o pa\u00eds.<\/p>\n<p>\u201cTodo o protocolo institucional da parceria IORM EurAsia foi firmado. Estamos detalhando os processos de inscri\u00e7\u00e3o para favorecer a participa\u00e7\u00e3o de bailarinos de todo o Brasil e da Am\u00e9rica Latina tamb\u00e9m\u201d, destaca a coordenadora Art\u00edstica do IORM, Valeria Passeto, que estabeleceu o contato com a rede. \u201cAcreditamos e apoiamos esse caminho da internacionaliza\u00e7\u00e3o da dan\u00e7a\u201d, afirma.<\/p>\n<p><strong>Sobre a EurAsia<br \/>\n<\/strong>A EurAsia Dance Project International Network \u00e9 uma associa\u00e7\u00e3o sem fins lucrativos e uma das maiores redes de dan\u00e7a do mundo, ligando os cinco continentes. Re\u00fane 25 parceiros na Europa, \u00c1sia, Oriente M\u00e9dio, \u00c1frica, Estados do Pac\u00edfico e Am\u00e9rica Central. A parceria com o IORM inaugura a presen\u00e7a da rede na Am\u00e9rica do Sul.<br \/>\n\u00c9 apoiada pela Delega\u00e7\u00e3o da Uni\u00e3o Europeia, Embaixada Italiana, Consulado Italiano, Consulado Alem\u00e3o e Instituto Cultural Italiano nos pa\u00edses onde est\u00e1 sediada, e tamb\u00e9m por governos e institui\u00e7\u00f5es p\u00fablicas e privadas.<\/p>\n<p><strong>Sobre o IORM<br \/>\n<\/strong>O Instituto Oswaldo Ribeiro de Mendon\u00e7a \u2013 IORM \u00e9 uma Organiza\u00e7\u00e3o da Sociedade Civil \u2013 OSC fundada a 5 de agosto de 2005. Atua nas \u00e1reas de cultura, educa\u00e7\u00e3o, est\u00edmulo \u00e0 leitura, dan\u00e7a, assist\u00eancia social e gera\u00e7\u00e3o de renda. Os projetos j\u00e1 assistiram a mais de 12 mil crian\u00e7as, adolescentes e jovens nos munic\u00edpios de Orl\u00e2ndia, Gua\u00edra, Miguel\u00f3polis e Ipu\u00e3, localizados na regi\u00e3o nordeste do Estado de S\u00e3o Paulo.<\/p>\n<p><strong>Sobre o Instituto Italiano de Cultura de S\u00e3o Paulo<br \/>\n<\/strong>O Instituto Italiano de Cultura de S\u00e3o Paulo \u00e9 um \u00f3rg\u00e3o oficial do Governo Italiano. Foi fundado em 1950 e se dedica a promover a cultura e a l\u00edngua italiana, al\u00e9m de enriquecer o panorama cultural em sua \u00e1rea de a\u00e7\u00e3o com iniciativas voltadas \u00e0 coopera\u00e7\u00e3o \u00edtalo-brasileira neste setor. Localizado em um hist\u00f3rico casar\u00e3o no bairro de Higien\u00f3polis, o Instituto promove concertos, exposi\u00e7\u00f5es, sess\u00f5es de cinema, palestras e encontros, e possui uma biblioteca com mais de 23 mil t\u00edtulos, a maioria em l\u00edngua italiana, dispon\u00edveis para o p\u00fablico. O Instituto \u00e9 tamb\u00e9m fonte de informa\u00e7\u00f5es sobre o pa\u00eds, cursos de l\u00edngua italiana ministrados na It\u00e1lia e bolsas de estudo outorgadas pelo Governo Italiano.<\/p>\n","protected":false},"excerpt":{"rendered":"EURASIA chega pela primeira vez ao Brasil Apresenta\u00e7\u00e3o da EurAsia Dance Project International Network no Instituto Italiano de Cultura de S\u00e3o Paulo Parceria entre a EurAsia Dance Project International Network, uma das maiores redes de dan\u00e7a do mundo, e Instituto Oswaldo Ribeiro de Mendon\u00e7a \u2013 IORM, vai promover audi\u00e7\u00e3o no m\u00eas de agosto que selecionar\u00e1 [&hellip;]","protected":false},"author":6,"featured_media":2216,"comment_status":"closed","ping_status":"closed","sticky":false,"template":"","format":"standard","meta":{"footnotes":""},"tags":[],"class_list":["post-2213","post","type-post","status-publish","format-standard","has-post-thumbnail","hentry"],"_links":{"self":[{"href":"https:\/\/iicsanpaolo.esteri.it\/pt\/wp-json\/wp\/v2\/posts\/2213","targetHints":{"allow":["GET"]}}],"collection":[{"href":"https:\/\/iicsanpaolo.esteri.it\/pt\/wp-json\/wp\/v2\/posts"}],"about":[{"href":"https:\/\/iicsanpaolo.esteri.it\/pt\/wp-json\/wp\/v2\/types\/post"}],"author":[{"embeddable":true,"href":"https:\/\/iicsanpaolo.esteri.it\/pt\/wp-json\/wp\/v2\/users\/6"}],"replies":[{"embeddable":true,"href":"https:\/\/iicsanpaolo.esteri.it\/pt\/wp-json\/wp\/v2\/comments?post=2213"}],"version-history":[{"count":0,"href":"https:\/\/iicsanpaolo.esteri.it\/pt\/wp-json\/wp\/v2\/posts\/2213\/revisions"}],"wp:featuredmedia":[{"embeddable":true,"href":"https:\/\/iicsanpaolo.esteri.it\/pt\/wp-json\/wp\/v2\/media\/2216"}],"wp:attachment":[{"href":"https:\/\/iicsanpaolo.esteri.it\/pt\/wp-json\/wp\/v2\/media?parent=2213"}],"wp:term":[{"taxonomy":"post_tag","embeddable":true,"href":"https:\/\/iicsanpaolo.esteri.it\/pt\/wp-json\/wp\/v2\/tags?post=2213"}],"curies":[{"name":"wp","href":"https:\/\/api.w.org\/{rel}","templated":true}]}}