{"id":2554,"date":"2023-09-27T14:19:53","date_gmt":"2023-09-27T17:19:53","guid":{"rendered":"https:\/\/iicsanpaolo.esteri.it\/news\/dall_istituto\/2023\/09\/umberto-boccioni-em-destaque-encontros-com-alberto-dambruoso-em-sao-paulo-promovem-a-arte-futurista-do-artista-italiano\/"},"modified":"2023-09-27T14:20:22","modified_gmt":"2023-09-27T17:20:22","slug":"umberto-boccioni-em-destaque-encontros-com-alberto-dambruoso-em-sao-paulo-promovem-a-arte-futurista-do-artista-italiano","status":"publish","type":"post","link":"https:\/\/iicsanpaolo.esteri.it\/pt\/news\/dall_istituto\/2023\/09\/umberto-boccioni-em-destaque-encontros-com-alberto-dambruoso-em-sao-paulo-promovem-a-arte-futurista-do-artista-italiano\/","title":{"rendered":"Umberto Boccioni em destaque | Encontros com Alberto Dambruoso em S\u00e3o Paulo promovem a arte futurista do artista italiano"},"content":{"rendered":"<p>O Instituto Italiano de Cultura de S\u00e3o Paulo recebe em outubro o professor italiano Alberto Dambruoso para uma s\u00e9rie de encontros na capital paulista, por ocasi\u00e3o da XIX Giornata del Contemporaneo.<\/p>\n<p>&nbsp;<\/p>\n<p>Alberto Dambruoso \u00e9 historiador da arte, professor de Hist\u00f3ria da Arte na Academia de Belas Artes de Frosinone, cr\u00edtico e curador independente, e vive em Roma h\u00e1 mais de vinte anos. Publicou em 2022 o livro <em>Boccioni. Opere inedite <\/em>(Maretti Editore), sobre o artista futurista Umberto Boccioni, tema de suas atividades em S\u00e3o Paulo.<\/p>\n<p>&nbsp;<\/p>\n<p>No dia 2 de outubro, Dambruoso estar\u00e1 no Istituto Europeo di Design para uma conversa com os alunos, na qual apresentar\u00e1 o escultor Boccioni e sua import\u00e2ncia dentro do movimento futurista italiano. J\u00e1 no dia 3, ter\u00e7a-feira, Dambruoso participa de evento aberto ao p\u00fablico no MAC USP (Museu de Arte Contempor\u00e2nea) de apresenta\u00e7\u00e3o de seu livro <em>Boccioni. Opere inedite <\/em>(publicado apenas em edi\u00e7\u00e3o italiana). O evento ter\u00e1 tradu\u00e7\u00e3o simult\u00e2nea (italiano\/ portugu\u00eas).<\/p>\n<p>&nbsp;<\/p>\n<p><em>Boccioni. Opere inedite<\/em> apresenta 45 obras do artista (pinturas, desenhos e uma escultura), descobertas nos \u00faltimos seis anos que testemunham a extraordin\u00e1ria produ\u00e7\u00e3o de Umberto Boccioni, realizada em um intervalo de 20 anos e se adicionam ao corpo de obras relevantes do artista.<\/p>\n<p>&nbsp;<\/p>\n<p>Seguindo a agenda, Dambruoso se encontra com os alunos da Scuola italiana paritaria Eugenio Montale para falar de hist\u00f3ria da arte \u2013 na ocasi\u00e3o, Dambruoso apresentar\u00e1 passagens de seu outro livro, <em>I maeted\u00ec critici: la parola dall\u2019Arte<\/em> (Maretti Editore). E, por fim, o professor se encontra com alunos da Faculdade Santa Marcelina para uma conversa sobre os in\u00e9ditos de Boccioni. Este encontro contar\u00e1 com a media\u00e7\u00e3o de Cristina Susigan, professora de Hist\u00f3ria da Arte, Cr\u00edtica de Arte e Percep\u00e7\u00e3o Visual do Bacharelado em Artes Visuais.<\/p>\n<p>&nbsp;<\/p>\n<p>A XIX Giornata del Contemporaneo tem como finalidade levar a arte contempor\u00e2nea ao grande p\u00fablico. Desde 2005, envolve museus, funda\u00e7\u00f5es, institui\u00e7\u00f5es p\u00fablicas e privadas, galerias, est\u00fadios e espa\u00e7os de artistas na It\u00e1lia, destacando a vitalidade da arte contempor\u00e2nea no pa\u00eds. A iniciativa \u00e9 promovida pela AMACI &#8211; Associa\u00e7\u00e3o dos Museus de Arte Contempor\u00e2nea Italianos, realizada com o apoio da Dire\u00e7\u00e3o Geral de Criatividade Contempor\u00e2nea do Minist\u00e9rio da Cultura e em colabora\u00e7\u00e3o com a Dire\u00e7\u00e3o Geral de Diplomacia P\u00fablica e Cultural do Minist\u00e9rio das Rela\u00e7\u00f5es Exteriores e da Coopera\u00e7\u00e3o Internacional.<\/p>\n<p>&nbsp;<\/p>\n<p>&nbsp;<\/p>\n<p>&nbsp;<\/p>\n<p>Servi\u00e7o \u2013\u00a0BOCCIONI. OPERE INEDITE, de Alberto Dambruoso<\/p>\n<p>Encontro com Alberto Dambruoso<\/p>\n<p>3 de outubro de 2023, \u00e0s 19h<\/p>\n<p>Tradu\u00e7\u00e3o simult\u00e2nea (italiano\/portugu\u00eas)<\/p>\n<p>Atividade gratuita, sem necessidade de inscri\u00e7\u00e3o pr\u00e9via<\/p>\n<p>Parceria MAC USP e Istituto Italiano di Cultura di S\u00e3o Paulo<\/p>\n<p>&nbsp;<\/p>\n<p>MAC USP &#8211; Avenida Pedro \u00c1lvares Cabral, 1301 \u2013 Ibirapuera &#8211; 11 2648.0254<\/p>\n","protected":false},"excerpt":{"rendered":"O Instituto Italiano de Cultura de S\u00e3o Paulo recebe em outubro o professor italiano Alberto Dambruoso para uma s\u00e9rie de encontros na capital paulista, por ocasi\u00e3o da XIX Giornata del Contemporaneo. &nbsp; Alberto Dambruoso \u00e9 historiador da arte, professor de Hist\u00f3ria da Arte na Academia de Belas Artes de Frosinone, cr\u00edtico e curador independente, e [&hellip;]","protected":false},"author":7,"featured_media":2552,"comment_status":"closed","ping_status":"closed","sticky":false,"template":"","format":"standard","meta":{"footnotes":""},"tags":[],"class_list":["post-2554","post","type-post","status-publish","format-standard","has-post-thumbnail","hentry"],"_links":{"self":[{"href":"https:\/\/iicsanpaolo.esteri.it\/pt\/wp-json\/wp\/v2\/posts\/2554","targetHints":{"allow":["GET"]}}],"collection":[{"href":"https:\/\/iicsanpaolo.esteri.it\/pt\/wp-json\/wp\/v2\/posts"}],"about":[{"href":"https:\/\/iicsanpaolo.esteri.it\/pt\/wp-json\/wp\/v2\/types\/post"}],"author":[{"embeddable":true,"href":"https:\/\/iicsanpaolo.esteri.it\/pt\/wp-json\/wp\/v2\/users\/7"}],"replies":[{"embeddable":true,"href":"https:\/\/iicsanpaolo.esteri.it\/pt\/wp-json\/wp\/v2\/comments?post=2554"}],"version-history":[{"count":1,"href":"https:\/\/iicsanpaolo.esteri.it\/pt\/wp-json\/wp\/v2\/posts\/2554\/revisions"}],"predecessor-version":[{"id":2555,"href":"https:\/\/iicsanpaolo.esteri.it\/pt\/wp-json\/wp\/v2\/posts\/2554\/revisions\/2555"}],"wp:featuredmedia":[{"embeddable":true,"href":"https:\/\/iicsanpaolo.esteri.it\/pt\/wp-json\/wp\/v2\/media\/2552"}],"wp:attachment":[{"href":"https:\/\/iicsanpaolo.esteri.it\/pt\/wp-json\/wp\/v2\/media?parent=2554"}],"wp:term":[{"taxonomy":"post_tag","embeddable":true,"href":"https:\/\/iicsanpaolo.esteri.it\/pt\/wp-json\/wp\/v2\/tags?post=2554"}],"curies":[{"name":"wp","href":"https:\/\/api.w.org\/{rel}","templated":true}]}}