{"id":3929,"date":"2024-05-29T15:15:44","date_gmt":"2024-05-29T18:15:44","guid":{"rendered":"https:\/\/iicsanpaolo.esteri.it\/?p=3929"},"modified":"2024-05-29T15:34:53","modified_gmt":"2024-05-29T18:34:53","slug":"aviso-de-selecao-para-a-vaga-de-assistente-analista-de-mercado","status":"publish","type":"post","link":"https:\/\/iicsanpaolo.esteri.it\/pt\/news\/dall_istituto\/2024\/05\/aviso-de-selecao-para-a-vaga-de-assistente-analista-de-mercado\/","title":{"rendered":"AVISO DE SELE\u00c7\u00c3O PARA A VAGA DE ASSISTENTE ANALISTA DE MERCADO"},"content":{"rendered":"<p>O Assistente Analista de Mercado do Escrit\u00f3rio da Ag\u00eancia ICE em S\u00e3o Paulo ter\u00e1 que colaborar nas atividades de planejamento e execu\u00e7\u00e3o de a\u00e7\u00f5es promocionais e na presta\u00e7\u00e3o de servi\u00e7os personalizados a favor das empresas italianas usu\u00e1rios da Ag\u00eancia, em particular do Escrit\u00f3rio de S\u00e3o Paulo, respons\u00e1vel pelo Brasil. O Assistente Analista de Mercado ser\u00e1 funcion\u00e1rio do Escrit\u00f3rio ICE em S\u00e3o Paulo e trabalhar\u00e1 com base nas instru\u00e7\u00f5es dadas pelo Diretor, Vice-Diretor e os Analistas de Mercado.<\/p>\n<p>Para maiores informa\u00e7\u00f5es clique <a href=\"http:\/\/www.ice-sanpaolo.com.br\/exibeAgenda.php?ano=2024&amp;idF=241\">aqui<\/a><\/p>\n","protected":false},"excerpt":{"rendered":"O Assistente Analista de Mercado do Escrit\u00f3rio da Ag\u00eancia ICE em S\u00e3o Paulo ter\u00e1 que colaborar nas atividades de planejamento e execu\u00e7\u00e3o de a\u00e7\u00f5es promocionais e na presta\u00e7\u00e3o de servi\u00e7os personalizados a favor das empresas italianas usu\u00e1rios da Ag\u00eancia, em particular do Escrit\u00f3rio de S\u00e3o Paulo, respons\u00e1vel pelo Brasil. O Assistente Analista de Mercado ser\u00e1 [&hellip;]","protected":false},"author":5,"featured_media":3937,"comment_status":"closed","ping_status":"closed","sticky":false,"template":"","format":"standard","meta":{"footnotes":""},"tags":[],"class_list":["post-3929","post","type-post","status-publish","format-standard","has-post-thumbnail","hentry"],"_links":{"self":[{"href":"https:\/\/iicsanpaolo.esteri.it\/pt\/wp-json\/wp\/v2\/posts\/3929","targetHints":{"allow":["GET"]}}],"collection":[{"href":"https:\/\/iicsanpaolo.esteri.it\/pt\/wp-json\/wp\/v2\/posts"}],"about":[{"href":"https:\/\/iicsanpaolo.esteri.it\/pt\/wp-json\/wp\/v2\/types\/post"}],"author":[{"embeddable":true,"href":"https:\/\/iicsanpaolo.esteri.it\/pt\/wp-json\/wp\/v2\/users\/5"}],"replies":[{"embeddable":true,"href":"https:\/\/iicsanpaolo.esteri.it\/pt\/wp-json\/wp\/v2\/comments?post=3929"}],"version-history":[{"count":1,"href":"https:\/\/iicsanpaolo.esteri.it\/pt\/wp-json\/wp\/v2\/posts\/3929\/revisions"}],"predecessor-version":[{"id":3931,"href":"https:\/\/iicsanpaolo.esteri.it\/pt\/wp-json\/wp\/v2\/posts\/3929\/revisions\/3931"}],"wp:featuredmedia":[{"embeddable":true,"href":"https:\/\/iicsanpaolo.esteri.it\/pt\/wp-json\/wp\/v2\/media\/3937"}],"wp:attachment":[{"href":"https:\/\/iicsanpaolo.esteri.it\/pt\/wp-json\/wp\/v2\/media?parent=3929"}],"wp:term":[{"taxonomy":"post_tag","embeddable":true,"href":"https:\/\/iicsanpaolo.esteri.it\/pt\/wp-json\/wp\/v2\/tags?post=3929"}],"curies":[{"name":"wp","href":"https:\/\/api.w.org\/{rel}","templated":true}]}}