{"id":5477,"date":"2024-10-24T11:49:10","date_gmt":"2024-10-24T14:49:10","guid":{"rendered":"https:\/\/iicsanpaolo.esteri.it\/?p=5477"},"modified":"2024-10-24T11:49:46","modified_gmt":"2024-10-24T14:49:46","slug":"edital-concessao-dos-cursos-de-lingua-e-cultura-italiana-do-iic-sao-paulo","status":"publish","type":"post","link":"https:\/\/iicsanpaolo.esteri.it\/pt\/news\/dall_istituto\/2024\/10\/edital-concessao-dos-cursos-de-lingua-e-cultura-italiana-do-iic-sao-paulo\/","title":{"rendered":"EDITAL &#8211; CONCESS\u00c3O DOS CURSOS DE L\u00cdNGUA E CULTURA ITALIANA DO IIC S\u00c3O PAULO"},"content":{"rendered":"<p>O Instituto Italiano de Cultura de S\u00e3o Paulo comunica\u00a0 o procedimento para a indentificar um gestor dos cursos de l\u00edngua e cultura italiana (conforme art. 17 de D.M. de 27 de abril de 1995, n. 392) para os servi\u00e7os de gest\u00e3o e organiza\u00e7\u00e3o dos cursos de l\u00edngua\u00a0 e cultura italiana do IIC de San Paolo, por meio de uma concess\u00e3o de servi\u00e7os para o quatri\u00eanio 2025 &#8211; 2029.<\/p>\n<p>O prazo final para apresenta\u00e7\u00e3o das ofertas est\u00e1 fixado \u00e0s 13:00 (hora local) do dia 28 de novembro de 2024.<\/p>\n<p>Para efetuar o download do edital, clicar <a href=\"https:\/\/iicsanpaolo.esteri.it\/wp-content\/uploads\/2024\/10\/EDITAL-PARA-A-CONCESSAO-DOS-CURSOS-DE-LINGUA-DO-IIC-SAO-PAULO.pdf\">aqui<\/a>.<\/p>\n<p>&nbsp;<\/p>\n<p>&nbsp;<\/p>\n","protected":false},"excerpt":{"rendered":"O Instituto Italiano de Cultura de S\u00e3o Paulo comunica\u00a0 o procedimento para a indentificar um gestor dos cursos de l\u00edngua e cultura italiana (conforme art. 17 de D.M. de 27 de abril de 1995, n. 392) para os servi\u00e7os de gest\u00e3o e organiza\u00e7\u00e3o dos cursos de l\u00edngua\u00a0 e cultura italiana do IIC de San Paolo, [&hellip;]","protected":false},"author":7,"featured_media":0,"comment_status":"closed","ping_status":"closed","sticky":false,"template":"","format":"standard","meta":{"footnotes":""},"tags":[],"class_list":["post-5477","post","type-post","status-publish","format-standard","hentry"],"_links":{"self":[{"href":"https:\/\/iicsanpaolo.esteri.it\/pt\/wp-json\/wp\/v2\/posts\/5477","targetHints":{"allow":["GET"]}}],"collection":[{"href":"https:\/\/iicsanpaolo.esteri.it\/pt\/wp-json\/wp\/v2\/posts"}],"about":[{"href":"https:\/\/iicsanpaolo.esteri.it\/pt\/wp-json\/wp\/v2\/types\/post"}],"author":[{"embeddable":true,"href":"https:\/\/iicsanpaolo.esteri.it\/pt\/wp-json\/wp\/v2\/users\/7"}],"replies":[{"embeddable":true,"href":"https:\/\/iicsanpaolo.esteri.it\/pt\/wp-json\/wp\/v2\/comments?post=5477"}],"version-history":[{"count":5,"href":"https:\/\/iicsanpaolo.esteri.it\/pt\/wp-json\/wp\/v2\/posts\/5477\/revisions"}],"predecessor-version":[{"id":5489,"href":"https:\/\/iicsanpaolo.esteri.it\/pt\/wp-json\/wp\/v2\/posts\/5477\/revisions\/5489"}],"wp:attachment":[{"href":"https:\/\/iicsanpaolo.esteri.it\/pt\/wp-json\/wp\/v2\/media?parent=5477"}],"wp:term":[{"taxonomy":"post_tag","embeddable":true,"href":"https:\/\/iicsanpaolo.esteri.it\/pt\/wp-json\/wp\/v2\/tags?post=5477"}],"curies":[{"name":"wp","href":"https:\/\/api.w.org\/{rel}","templated":true}]}}