{"id":5819,"date":"2024-12-03T16:22:09","date_gmt":"2024-12-03T19:22:09","guid":{"rendered":"https:\/\/iicsanpaolo.esteri.it\/?p=5819"},"modified":"2024-12-06T12:49:49","modified_gmt":"2024-12-06T15:49:49","slug":"comunichiamo-o-esporte-italiano","status":"publish","type":"post","link":"https:\/\/iicsanpaolo.esteri.it\/pt\/news\/dall_istituto\/2024\/12\/comunichiamo-o-esporte-italiano\/","title":{"rendered":"ComunichiAmo o esporte italiano"},"content":{"rendered":"<p>No dia 13 de setembro, na Villa Madama, o Vice Presidente do Conselho dos Ministros e Ministro das Rela\u00e7\u00f5es Exteriores e da Coopera\u00e7\u00e3o Internacional da It\u00e1lia, Antonio Tajani, e o Ministro para o Esporte e os Jovens, Andrea Abodi, apresentaram a Primeira Edi\u00e7\u00e3o do \u201c<strong>Dia do Esporte Italiano no Mundo<\/strong>\u201d, desenvolvida em sinergia entre o MAECI e o Minist\u00e9rio para o Esporte e os Jovens, o CONI (Comit\u00ea Ol\u00edmpico Nacional Italiano) e os entes esportivos, que a partir deste ano enriquecer\u00e1 o calend\u00e1rio dos eventos anuais de promo\u00e7\u00e3o integrada da rede diplom\u00e1tico-consular italiana no exterior.<\/p>\n<p>A diplomacia esportiva oferece a oportunidade de apresentar e representar as excel\u00eancias italianas atrav\u00e9s de uma nova e diferente perspectiva: aquela dos esportes e seus protagonistas, dos atletas e das industrias do setor.<\/p>\n<p><a href=\"https:\/\/www.youtube.com\/watch?v=zkJmQyn8GrI&amp;list=PLmsk3E2mlGI_3fBenpRhTnTDqNFBJuHrp&amp;index=4\"><strong>ComunichiAmo lo sport italiano. <\/strong><\/a><strong>Gestualit\u00e0 Made in Italy\u00a0<\/strong>\u00e8 uma v\u00eddeo-campanha promocional \u00a0focada no esporte itlaiano atrav\u00e9s da comunica\u00e7\u00e3o n\u00e3o verbal\u00a0 e os c\u00f3digos gestuais caracter\u00edsticos \u00a0de casa disciplina; um projeto inovador que permite de unir e ligar os elementos culturais conexos ao esporte com a valoriza\u00e7\u00e3o econ\u00f4mica do setor esportivo.<\/p>\n","protected":false},"excerpt":{"rendered":"No dia 13 de setembro, na Villa Madama, o Vice Presidente do Conselho dos Ministros e Ministro das Rela\u00e7\u00f5es Exteriores e da Coopera\u00e7\u00e3o Internacional da It\u00e1lia, Antonio Tajani, e o Ministro para o Esporte e os Jovens, Andrea Abodi, apresentaram a Primeira Edi\u00e7\u00e3o do \u201cDia do Esporte Italiano no Mundo\u201d, desenvolvida em sinergia entre o [&hellip;]","protected":false},"author":7,"featured_media":5817,"comment_status":"closed","ping_status":"closed","sticky":false,"template":"","format":"standard","meta":{"footnotes":""},"tags":[],"class_list":["post-5819","post","type-post","status-publish","format-standard","has-post-thumbnail","hentry"],"_links":{"self":[{"href":"https:\/\/iicsanpaolo.esteri.it\/pt\/wp-json\/wp\/v2\/posts\/5819","targetHints":{"allow":["GET"]}}],"collection":[{"href":"https:\/\/iicsanpaolo.esteri.it\/pt\/wp-json\/wp\/v2\/posts"}],"about":[{"href":"https:\/\/iicsanpaolo.esteri.it\/pt\/wp-json\/wp\/v2\/types\/post"}],"author":[{"embeddable":true,"href":"https:\/\/iicsanpaolo.esteri.it\/pt\/wp-json\/wp\/v2\/users\/7"}],"replies":[{"embeddable":true,"href":"https:\/\/iicsanpaolo.esteri.it\/pt\/wp-json\/wp\/v2\/comments?post=5819"}],"version-history":[{"count":2,"href":"https:\/\/iicsanpaolo.esteri.it\/pt\/wp-json\/wp\/v2\/posts\/5819\/revisions"}],"predecessor-version":[{"id":5837,"href":"https:\/\/iicsanpaolo.esteri.it\/pt\/wp-json\/wp\/v2\/posts\/5819\/revisions\/5837"}],"wp:featuredmedia":[{"embeddable":true,"href":"https:\/\/iicsanpaolo.esteri.it\/pt\/wp-json\/wp\/v2\/media\/5817"}],"wp:attachment":[{"href":"https:\/\/iicsanpaolo.esteri.it\/pt\/wp-json\/wp\/v2\/media?parent=5819"}],"wp:term":[{"taxonomy":"post_tag","embeddable":true,"href":"https:\/\/iicsanpaolo.esteri.it\/pt\/wp-json\/wp\/v2\/tags?post=5819"}],"curies":[{"name":"wp","href":"https:\/\/api.w.org\/{rel}","templated":true}]}}