{"id":6494,"date":"2025-03-18T14:53:02","date_gmt":"2025-03-18T17:53:02","guid":{"rendered":"https:\/\/iicsanpaolo.esteri.it\/?p=6494"},"modified":"2025-06-10T13:14:47","modified_gmt":"2025-06-10T16:14:47","slug":"edital-concessao-dos-cursos-de-lingua-e-cultura-italiana-do-iic-sao-paulo-2","status":"publish","type":"post","link":"https:\/\/iicsanpaolo.esteri.it\/pt\/news\/dall_istituto\/2025\/03\/edital-concessao-dos-cursos-de-lingua-e-cultura-italiana-do-iic-sao-paulo-2\/","title":{"rendered":"EDITAL \u2013 CONCESS\u00c3O DOS CURSOS DE L\u00cdNGUA E CULTURA ITALIANA DO IIC S\u00c3O PAULO"},"content":{"rendered":"<p>O Instituto Italiano de Cultura de S\u00e3o Paulo comunica\u00a0 o procedimento para a indentificar um concession\u00e1rio dos cursos de l\u00edngua e cultura italiana (conforme art. 17 de D.M. de 27 de abril de 1995, n. 392) para os servi\u00e7os de gest\u00e3o e organiza\u00e7\u00e3o dos cursos de l\u00edngua\u00a0 e cultura italiana do IIC de San Paolo, por meio de uma concess\u00e3o de servi\u00e7os para o quadrienal (1\u00b0 de agosto de 2025 \u2013 31 de julho de 2029).<\/p>\n<p>O prazo final para apresenta\u00e7\u00e3o das ofertas est\u00e1 fixado \u00e0s 13:00 (hora local) do dia 24 de abril de 2025.<\/p>\n<p>Para efetuar o download do edital, clicar\u00a0<a href=\"https:\/\/iicsanpaolo.esteri.it\/wp-content\/uploads\/2025\/03\/EDITAL-PARA-A-CONCESSAO-DOS-CURSOS-DE-LINGUA-DO-IIC-SAO-PAULO-Firmato.pdf\">aqui<\/a>.<\/p>\n<p><a href=\"https:\/\/iicsanpaolo.esteri.it\/wp-content\/uploads\/2025\/06\/10-AVVISO-ESITO-DI-GARA-CIG-B60BC81252-Gestione-corsi-2025.2029-10.06.25_Firmato.pdf\">Aviso \u00eaxito licita\u00e7\u00e3o<\/a>.<\/p>\n","protected":false},"excerpt":{"rendered":"O Instituto Italiano de Cultura de S\u00e3o Paulo comunica\u00a0 o procedimento para a indentificar um concession\u00e1rio dos cursos de l\u00edngua e cultura italiana (conforme art. 17 de D.M. de 27 de abril de 1995, n. 392) para os servi\u00e7os de gest\u00e3o e organiza\u00e7\u00e3o dos cursos de l\u00edngua\u00a0 e cultura italiana do IIC de San Paolo, [&hellip;]","protected":false},"author":7,"featured_media":0,"comment_status":"closed","ping_status":"closed","sticky":false,"template":"","format":"standard","meta":{"footnotes":""},"tags":[],"class_list":["post-6494","post","type-post","status-publish","format-standard","hentry"],"_links":{"self":[{"href":"https:\/\/iicsanpaolo.esteri.it\/pt\/wp-json\/wp\/v2\/posts\/6494","targetHints":{"allow":["GET"]}}],"collection":[{"href":"https:\/\/iicsanpaolo.esteri.it\/pt\/wp-json\/wp\/v2\/posts"}],"about":[{"href":"https:\/\/iicsanpaolo.esteri.it\/pt\/wp-json\/wp\/v2\/types\/post"}],"author":[{"embeddable":true,"href":"https:\/\/iicsanpaolo.esteri.it\/pt\/wp-json\/wp\/v2\/users\/7"}],"replies":[{"embeddable":true,"href":"https:\/\/iicsanpaolo.esteri.it\/pt\/wp-json\/wp\/v2\/comments?post=6494"}],"version-history":[{"count":3,"href":"https:\/\/iicsanpaolo.esteri.it\/pt\/wp-json\/wp\/v2\/posts\/6494\/revisions"}],"predecessor-version":[{"id":7134,"href":"https:\/\/iicsanpaolo.esteri.it\/pt\/wp-json\/wp\/v2\/posts\/6494\/revisions\/7134"}],"wp:attachment":[{"href":"https:\/\/iicsanpaolo.esteri.it\/pt\/wp-json\/wp\/v2\/media?parent=6494"}],"wp:term":[{"taxonomy":"post_tag","embeddable":true,"href":"https:\/\/iicsanpaolo.esteri.it\/pt\/wp-json\/wp\/v2\/tags?post=6494"}],"curies":[{"name":"wp","href":"https:\/\/api.w.org\/{rel}","templated":true}]}}