{"id":6611,"date":"2025-04-07T12:20:17","date_gmt":"2025-04-07T15:20:17","guid":{"rendered":"https:\/\/iicsanpaolo.esteri.it\/?p=6611"},"modified":"2025-04-07T12:23:33","modified_gmt":"2025-04-07T15:23:33","slug":"a-colecao-de-arte-da-farnesina-e-digitalizada-com-parceria-de-google-arts-culture","status":"publish","type":"post","link":"https:\/\/iicsanpaolo.esteri.it\/pt\/news\/dall_istituto\/2025\/04\/a-colecao-de-arte-da-farnesina-e-digitalizada-com-parceria-de-google-arts-culture\/","title":{"rendered":"A cole\u00e7\u00e3o de arte da Farnesina \u00e9 digitalizada com parceria de Google Arts &#038; Culture"},"content":{"rendered":"<p>O Minist\u00e9rio das Rela\u00e7\u00f5es Exteriores e da Coopera\u00e7\u00e3o Internacional da It\u00e1lia (MAECI), em parceria com o Google Arts &amp; Culture, anuncia a digitaliza\u00e7\u00e3o de grande parte da prestigiada Cole\u00e7\u00e3o de Arte Contempor\u00e2nea da Farnesina. A iniciativa torna acess\u00edveis ao p\u00fablico global 400 das mais de 700 obras que comp\u00f5em o acervo da institui\u00e7\u00e3o.<\/p>\n<p>A a\u00e7\u00e3o faz parte de uma estrat\u00e9gia de diplomacia cultural que busca promover, por meio da arte, valores universais como democracia, paz e coopera\u00e7\u00e3o internacional. O projeto insere a Farnesina no universo digital, oferecendo ao p\u00fablico experi\u00eancias art\u00edsticas enriquecedoras, dispon\u00edveis gratuitamente na plataforma Google Arts &amp; Culture e em seu aplicativo para Android e iOS.<\/p>\n<p>Desde os anos 1960, quando o Palazzo della Farnesina se tornou sede do Minist\u00e9rio das Rela\u00e7\u00f5es Exteriores, a arte passou a ser um dos pilares de sua identidade institucional. Atrav\u00e9s de concursos p\u00fablicos e aquisi\u00e7\u00f5es cont\u00ednuas, o edif\u00edcio passou a abrigar obras de grandes mestres da arte italiana do s\u00e9culo XX, como Piero Dorazio, Michelangelo Pistoletto, Arnaldo Pomodoro e Carla Accardi, entre outros.<\/p>\n<p>A parceria com o Google amplia ainda mais o alcance dessa cole\u00e7\u00e3o, ao integr\u00e1-la ao cat\u00e1logo digital de mais de 3 mil institui\u00e7\u00f5es culturais de 90 pa\u00edses representados na plataforma. A It\u00e1lia conta atualmente com 247 institui\u00e7\u00f5es j\u00e1 presentes no Google Arts &amp; Culture.<\/p>\n<p>&nbsp;<\/p>\n<p>Conhe\u00e7a a cole\u00e7\u00e3o:<\/p>\n<p><a href=\"https:\/\/artsandculture.google.com\/project\/collezione-farnesina?hl=it\">https:\/\/artsandculture.google.com\/project\/collezione-farnesina?hl=it<\/a><\/p>\n<p><a href=\"https:\/\/collezionefarnesina.esteri.it\/\">Collezione Farnesina<\/a><\/p>\n","protected":false},"excerpt":{"rendered":"O Minist\u00e9rio das Rela\u00e7\u00f5es Exteriores e da Coopera\u00e7\u00e3o Internacional da It\u00e1lia (MAECI), em parceria com o Google Arts &amp; Culture, anuncia a digitaliza\u00e7\u00e3o de grande parte da prestigiada Cole\u00e7\u00e3o de Arte Contempor\u00e2nea da Farnesina. A iniciativa torna acess\u00edveis ao p\u00fablico global 400 das mais de 700 obras que comp\u00f5em o acervo da institui\u00e7\u00e3o. A a\u00e7\u00e3o [&hellip;]","protected":false},"author":6,"featured_media":6620,"comment_status":"closed","ping_status":"closed","sticky":false,"template":"","format":"standard","meta":{"footnotes":""},"tags":[],"class_list":["post-6611","post","type-post","status-publish","format-standard","has-post-thumbnail","hentry"],"_links":{"self":[{"href":"https:\/\/iicsanpaolo.esteri.it\/pt\/wp-json\/wp\/v2\/posts\/6611","targetHints":{"allow":["GET"]}}],"collection":[{"href":"https:\/\/iicsanpaolo.esteri.it\/pt\/wp-json\/wp\/v2\/posts"}],"about":[{"href":"https:\/\/iicsanpaolo.esteri.it\/pt\/wp-json\/wp\/v2\/types\/post"}],"author":[{"embeddable":true,"href":"https:\/\/iicsanpaolo.esteri.it\/pt\/wp-json\/wp\/v2\/users\/6"}],"replies":[{"embeddable":true,"href":"https:\/\/iicsanpaolo.esteri.it\/pt\/wp-json\/wp\/v2\/comments?post=6611"}],"version-history":[{"count":3,"href":"https:\/\/iicsanpaolo.esteri.it\/pt\/wp-json\/wp\/v2\/posts\/6611\/revisions"}],"predecessor-version":[{"id":6622,"href":"https:\/\/iicsanpaolo.esteri.it\/pt\/wp-json\/wp\/v2\/posts\/6611\/revisions\/6622"}],"wp:featuredmedia":[{"embeddable":true,"href":"https:\/\/iicsanpaolo.esteri.it\/pt\/wp-json\/wp\/v2\/media\/6620"}],"wp:attachment":[{"href":"https:\/\/iicsanpaolo.esteri.it\/pt\/wp-json\/wp\/v2\/media?parent=6611"}],"wp:term":[{"taxonomy":"post_tag","embeddable":true,"href":"https:\/\/iicsanpaolo.esteri.it\/pt\/wp-json\/wp\/v2\/tags?post=6611"}],"curies":[{"name":"wp","href":"https:\/\/api.w.org\/{rel}","templated":true}]}}