{"id":7310,"date":"2025-07-01T09:36:59","date_gmt":"2025-07-01T12:36:59","guid":{"rendered":"https:\/\/iicsanpaolo.esteri.it\/?p=7310"},"modified":"2025-07-01T09:38:25","modified_gmt":"2025-07-01T12:38:25","slug":"master-progettare-cultura-arte-design-imprese-culturali","status":"publish","type":"post","link":"https:\/\/iicsanpaolo.esteri.it\/pt\/news\/dall_istituto\/2025\/07\/master-progettare-cultura-arte-design-imprese-culturali\/","title":{"rendered":"Master &#8220;Progettare Cultura &#8211; Arte, design, imprese culturali&#8221;"},"content":{"rendered":"<p>Anunciamos o in\u00edcio das inscri\u00e7\u00f5es para o <em>Master Progettare Cultura<\/em> na Universit\u00e0 Cattolica del Sacro Cuore e no Politecnico di Milano.<br \/>\nO <em>Master Progettare Cultura<\/em> forma novos profissionais que criam projetos culturais no \u00e2mbito das artes visuais, do patrim\u00f4nio cultural, do design e da valoriza\u00e7\u00e3o e regenera\u00e7\u00e3o do territ\u00f3rio.<\/p>\n<p><strong>Perfil do candidato<\/strong>:<br \/>\nO curso \u00e9 destinado a jovens graduados e graduandos em disciplinas human\u00edsticas, de design e socioecon\u00f4micas, que est\u00e3o fortemente motivados a completar sua prepara\u00e7\u00e3o universit\u00e1ria por meio de habilidades pr\u00e1ticas e especializadas no setor cultural.<\/p>\n<p>&nbsp;<\/p>\n<p><a href=\"https:\/\/iicsanpaolo.esteri.it\/wp-content\/uploads\/2025\/07\/Brochure_master_almed_-progettare-cultura19_ed.pdf\"><span style=\"text-decoration: underline;\"><strong>CLIQUE AQUI<\/strong><\/span><\/a> para baixar o folheto informativo.<\/p>\n","protected":false},"excerpt":{"rendered":"Anunciamos o in\u00edcio das inscri\u00e7\u00f5es para o Master Progettare Cultura na Universit\u00e0 Cattolica del Sacro Cuore e no Politecnico di Milano. O Master Progettare Cultura forma novos profissionais que criam projetos culturais no \u00e2mbito das artes visuais, do patrim\u00f4nio cultural, do design e da valoriza\u00e7\u00e3o e regenera\u00e7\u00e3o do territ\u00f3rio. Perfil do candidato: O curso \u00e9 [&hellip;]","protected":false},"author":6,"featured_media":7299,"comment_status":"closed","ping_status":"closed","sticky":false,"template":"","format":"standard","meta":{"footnotes":""},"tags":[],"class_list":["post-7310","post","type-post","status-publish","format-standard","has-post-thumbnail","hentry"],"_links":{"self":[{"href":"https:\/\/iicsanpaolo.esteri.it\/pt\/wp-json\/wp\/v2\/posts\/7310","targetHints":{"allow":["GET"]}}],"collection":[{"href":"https:\/\/iicsanpaolo.esteri.it\/pt\/wp-json\/wp\/v2\/posts"}],"about":[{"href":"https:\/\/iicsanpaolo.esteri.it\/pt\/wp-json\/wp\/v2\/types\/post"}],"author":[{"embeddable":true,"href":"https:\/\/iicsanpaolo.esteri.it\/pt\/wp-json\/wp\/v2\/users\/6"}],"replies":[{"embeddable":true,"href":"https:\/\/iicsanpaolo.esteri.it\/pt\/wp-json\/wp\/v2\/comments?post=7310"}],"version-history":[{"count":1,"href":"https:\/\/iicsanpaolo.esteri.it\/pt\/wp-json\/wp\/v2\/posts\/7310\/revisions"}],"predecessor-version":[{"id":7315,"href":"https:\/\/iicsanpaolo.esteri.it\/pt\/wp-json\/wp\/v2\/posts\/7310\/revisions\/7315"}],"wp:featuredmedia":[{"embeddable":true,"href":"https:\/\/iicsanpaolo.esteri.it\/pt\/wp-json\/wp\/v2\/media\/7299"}],"wp:attachment":[{"href":"https:\/\/iicsanpaolo.esteri.it\/pt\/wp-json\/wp\/v2\/media?parent=7310"}],"wp:term":[{"taxonomy":"post_tag","embeddable":true,"href":"https:\/\/iicsanpaolo.esteri.it\/pt\/wp-json\/wp\/v2\/tags?post=7310"}],"curies":[{"name":"wp","href":"https:\/\/api.w.org\/{rel}","templated":true}]}}