{"id":7345,"date":"2025-07-04T10:01:44","date_gmt":"2025-07-04T13:01:44","guid":{"rendered":"https:\/\/iicsanpaolo.esteri.it\/?p=7345"},"modified":"2025-07-04T10:03:33","modified_gmt":"2025-07-04T13:03:33","slug":"anuncio-da-distribuicao-de-20-bolsas-de-estudo-para-o-aprendizado-da-lingua-e-da-cultura-italianas","status":"publish","type":"post","link":"https:\/\/iicsanpaolo.esteri.it\/pt\/news\/dall_istituto\/2025\/07\/anuncio-da-distribuicao-de-20-bolsas-de-estudo-para-o-aprendizado-da-lingua-e-da-cultura-italianas\/","title":{"rendered":"An\u00fancio de distribui\u00e7\u00e3o de 20 bolsas de estudo para o aprendizado da l\u00edngua e da cultura italianas"},"content":{"rendered":"<p>A partir de 24 de julho, ser\u00e1 poss\u00edvel candidatar-se a uma bolsa de estudos para cobrir parcialmente as taxas de matr\u00edcula do Curso de Gradua\u00e7\u00e3o em L\u00edngua e Cultura Italiana.<\/p>\n<p>As 20 bolsas de estudo t\u00eam dura\u00e7\u00e3o de seis meses e cobrem parcialmente as taxas de matr\u00edcula para o primeiro semestre do primeiro ano do curso de gradua\u00e7\u00e3o. As bolsas s\u00e3o v\u00e1lidas apenas para o <strong>curr\u00edculo did\u00e1tico-lingu\u00edstico (DIL).<\/strong><\/p>\n<p><a href=\"https:\/\/laurea.italicon.it\/it\/borse-di-studio\">CLIQUE AQUI<\/a> para obter mais informa\u00e7\u00f5es e ler a chamada para inscri\u00e7\u00f5es.<\/p>\n","protected":false},"excerpt":{"rendered":"A partir de 24 de julho, ser\u00e1 poss\u00edvel candidatar-se a uma bolsa de estudos para cobrir parcialmente as taxas de matr\u00edcula do Curso de Gradua\u00e7\u00e3o em L\u00edngua e Cultura Italiana. As 20 bolsas de estudo t\u00eam dura\u00e7\u00e3o de seis meses e cobrem parcialmente as taxas de matr\u00edcula para o primeiro semestre do primeiro ano do [&hellip;]","protected":false},"author":6,"featured_media":0,"comment_status":"closed","ping_status":"closed","sticky":false,"template":"","format":"standard","meta":{"footnotes":""},"tags":[],"class_list":["post-7345","post","type-post","status-publish","format-standard","hentry"],"_links":{"self":[{"href":"https:\/\/iicsanpaolo.esteri.it\/pt\/wp-json\/wp\/v2\/posts\/7345","targetHints":{"allow":["GET"]}}],"collection":[{"href":"https:\/\/iicsanpaolo.esteri.it\/pt\/wp-json\/wp\/v2\/posts"}],"about":[{"href":"https:\/\/iicsanpaolo.esteri.it\/pt\/wp-json\/wp\/v2\/types\/post"}],"author":[{"embeddable":true,"href":"https:\/\/iicsanpaolo.esteri.it\/pt\/wp-json\/wp\/v2\/users\/6"}],"replies":[{"embeddable":true,"href":"https:\/\/iicsanpaolo.esteri.it\/pt\/wp-json\/wp\/v2\/comments?post=7345"}],"version-history":[{"count":2,"href":"https:\/\/iicsanpaolo.esteri.it\/pt\/wp-json\/wp\/v2\/posts\/7345\/revisions"}],"predecessor-version":[{"id":7349,"href":"https:\/\/iicsanpaolo.esteri.it\/pt\/wp-json\/wp\/v2\/posts\/7345\/revisions\/7349"}],"wp:attachment":[{"href":"https:\/\/iicsanpaolo.esteri.it\/pt\/wp-json\/wp\/v2\/media?parent=7345"}],"wp:term":[{"taxonomy":"post_tag","embeddable":true,"href":"https:\/\/iicsanpaolo.esteri.it\/pt\/wp-json\/wp\/v2\/tags?post=7345"}],"curies":[{"name":"wp","href":"https:\/\/api.w.org\/{rel}","templated":true}]}}